{"id":6950,"date":"2023-03-15T06:12:00","date_gmt":"2023-03-15T06:12:00","guid":{"rendered":"https:\/\/co-factor.com\/?p=6950"},"modified":"2024-08-07T06:19:03","modified_gmt":"2024-08-07T06:19:03","slug":"cultura-centrata-pe-angajati","status":"publish","type":"post","link":"https:\/\/co-factor.com\/ro\/cultura-centrata-pe-angajati\/","title":{"rendered":"Cultura centrat\u0103 pe angaja\u021bi cre\u0219te nivelul de implicare al oamenilor \u0219i \u0219ansele unei rela\u021bii longevive \u00eentre angajat \u0219i angajator"},"content":{"rendered":"<p>[vc_row][vc_column][vc_single_image image=&#8221;7015&#8243; img_size=&#8221;1024&#215;500&#8243; alignment=&#8221;center&#8221;][\/vc_column][\/vc_row][vc_row _et_uniqid=&#8221;et_custom_uniqid_new_637f16392dc6c&#8221;][vc_column _et_uniqid=&#8221;et_custom_uniqid_new_636b4ed9d2000&#8243;][vc_column_text]Auzim, din ce \u00een ce mai des, \u00een mediul organiza\u021bional, \u00eendemnuri de cre\u0219tere a performan\u021bei prin <strong>cultivarea unei culturi centrate pe angajat<\/strong>. Dar ce este o astfel de cultur\u0103, cum se construie\u0219te, care sunt beneficiile sale reale \u0219i relevante pentru organiza\u021bie, pentru angaja\u021bi \u0219i pentru clien\u021bi?<\/p>\n<p>Dup\u0103 cum sugereaz\u0103 \u0219i denumirea, o cultur\u0103 organiza\u021bional\u0103 centrat\u0103 pe angajat este o abordare a managementului care pune angaja\u021bii \u00een centrul organiza\u021biei. Cu alte cuvinte, organiza\u021bia \u00ee\u0219i concentreaz\u0103 eforturile pentru a crea un mediu de lucru pozitiv \u0219i productiv, care s\u0103 permit\u0103 angaja\u021bilor s\u0103 se dezvolte \u0219i s\u0103-\u0219i ating\u0103 poten\u021bialul maxim, \u0219i care manifest\u0103 respect \u0219i considera\u021bie fa\u021b\u0103 de oameni.<\/p>\n<p>Ideea ceantral\u0103 a unei astfel de culturi este c\u0103 <strong>angaja\u021bii sunt cea mai valoroas\u0103 resurs\u0103 a organiza\u021biei<\/strong> \u0219i c\u0103 trebuie trata\u021bi ca atare. Acest lucru presupune, printre altele, implicarea angaja\u021bilor \u00een procesul decizional, oferirea de oportunit\u0103\u021bi de dezvoltare profesional\u0103 \u0219i personal\u0103 \u0219i asigurarea unui echilibru \u00eentre via\u021ba personal\u0103 \u0219i cea profesional\u0103.<\/p>\n<p>\u00centr-o cultur\u0103 organiza\u021bional\u0103 centrat\u0103 pe angajat, <strong>liderii \u0219i managerii sunt dedica\u021bi cre\u0103rii unui mediu \u00een care angaja\u021bii se simt valoriza\u021bi<\/strong> <strong>\u0219i motiva\u021bi<\/strong> s\u0103-\u0219i aduc\u0103 contribu\u021bia la succesul organiza\u021biei. \u00cen plus, aceast\u0103 abordare poate ajuta la reducerea absenteismului \u0219i a deficitului de personal, cresc\u00e2nd astfel productivitatea \u0219i implicarea angaja\u021bilor.<\/p>\n<h3><strong><u>Cum construim o <\/u><\/strong><strong><u>cultur\u0103 organiza\u021bional\u0103 centrat\u0103 pe angajat?<\/u><\/strong><\/h3>\n<p>Pentru a ajunge la o cultur\u0103 centrat\u0103 pe angaja\u021bi, este important ca organiza\u021bia s\u0103 se angajeze \u00eentr-un proces continuu de considerare a feedback-ului angaja\u021bilor \u0219i de ajustare a practicilor organiza\u021bionale \u00een consecin\u021b\u0103. Procesul se realizeaz\u0103 \u00een mai multe etape:<\/p>\n<ol>\n<li><strong>\u00cen\u021belegerea real\u0103 a nevoilor \u0219i a\u0219tept\u0103rilor angaja\u021bilor<\/strong> &#8211; prin intermediul sondajelor de opinie, interviurilor sau prin \u00eencurajarea feedback-ului.<\/li>\n<li><strong>Comunicarea clar\u0103 a valorilor \u0219i obiectivelor organiza\u021biei<\/strong> \u2013 pe l\u00e2ng\u0103 informarea propriu-zis\u0103, e recomandat ca angaja\u021bii s\u0103 fie implica\u021bi \u00een procesul decizional de stabilire a obiectivelor, pentru a se sim\u021bi parte a unei echipe.<\/li>\n<li><strong>Crearea unui mediu de lucru pozitiv<\/strong> \u2013 un astfel de mediu \u00eencurajeaz\u0103 colaborarea, inova\u021bia, precum \u0219i dezvoltarea personal\u0103 \u0219i profesional\u0103.<\/li>\n<li><strong>Dezvoltarea competen\u021belor manageriale<\/strong> &#8211; managerii trebuie s\u0103 fie capabili s\u0103 comunice eficient, s\u0103 ofere feedback constant \u0219i s\u0103 gestioneze conflictul \u00eentr-un mod constructiv, pentru a cl\u0103di o rela\u021bie pozitiv\u0103 cu angaja\u021bii.<\/li>\n<li><strong>Asigurarea compensa\u021biei echitabile \u0219i a beneficiilor<\/strong> &#8211; angaja\u021bii trebuie s\u0103 fie compensa\u021bi \u00een mod echitabil \u0219i s\u0103 primeasc\u0103 beneficii care s\u0103 le permit\u0103 un echilibru \u00eentre via\u021ba personal\u0103 \u0219i cea profesional\u0103.<\/li>\n<li><strong>Promovarea diversit\u0103\u021bii \u0219i incluziunii<\/strong> &#8211; o cultur\u0103 centrat\u0103 pe angaja\u021bi trebuie s\u0103 fie divers\u0103 \u0219i incluziv\u0103, oferind oportunit\u0103\u021bi egale pentru to\u021bi angaja\u021bii.<\/li>\n<li><strong>Evaluarea \u0219i ajustarea constant\u0103 a culturii organiza\u021bionale<\/strong> &#8211; pentru c\u0103 procesul este continuu, sunt necesare evaluarea \u0219i ajustarea constante pentru a se asigura c\u0103 nevoile \u0219i a\u0219tept\u0103rile angaja\u021bilor sunt \u00eendeplinite.<\/li>\n<\/ol>\n<h3><strong><u>Care sunt beneficiile unei culturi centrate pe angaja\u021bi?<\/u><\/strong><\/h3>\n<p>O cultur\u0103 centrat\u0103 pe angaja\u021bi aduce o serie de beneficii semnificative organiza\u021biei \u00een ansamblu, angaja\u021bilor \u0219i clien\u021bilor deopotriv\u0103.<\/p>\n<ul>\n<li><strong>Cre\u0219terea implic\u0103rii \u0219i a productivit\u0103\u021bii angaja\u021bilor<\/strong> &#8211; angaja\u021bii care se simt valoriza\u021bi \u0219i implica\u021bi \u00een procesul decizional sunt mai implica\u021bi \u0219i mai productivi.<\/li>\n<li><strong>Sc\u0103derea absenteismului \u0219i a deficitului de personal<\/strong> &#8211; o cultur\u0103 organiza\u021bional\u0103 pozitiv\u0103, a\u0219a cum este cea centrat\u0103 pe angaja\u021bi, poate ajuta la reducerea absenteismului \u0219i a deficitului de personal prin crearea unui mediu de lucru pozitiv.<\/li>\n<li><strong>Cre\u0219terea ratei de reten\u021bie a angaja\u021bilor<\/strong> &#8211; angaja\u021bii care se simt valoriza\u021bi \u0219i implica\u021bi sunt mai pu\u021bin predispu\u0219i s\u0103 p\u0103r\u0103seasc\u0103 organiza\u021bia.<\/li>\n<li><strong>Cre\u0219terea satisfac\u021biei clien\u021bilor<\/strong> &#8211; angaja\u021bii mul\u021bumi\u021bi \u0219i motiva\u021bi ofer\u0103 un serviciu mai bun clien\u021bilor.<\/li>\n<li><strong>Cre\u0219terea reputa\u021biei organiza\u021biei<\/strong> &#8211; o cultur\u0103 centrat\u0103 pe angaja\u021bi poate atrage aten\u021bia \u0219i admira\u021bia publicului, ceea ce poate ajuta la cre\u0219terea reputa\u021biei organiza\u021biei. Angaja\u021bii \u00ee\u0219i pot asuma cu m\u00e2ndrie rolul de ambasadori ai companiei din care fac parte.<\/li>\n<li><strong>Cre\u0219terea inova\u021biei \u0219i a creativit\u0103\u021bii<\/strong> &#8211; angaja\u021bii care se simt confortabil s\u0103 \u00ee\u0219i exprime ideile \u0219i opinile sunt mai predispu\u0219i s\u0103 fie inovatori \u0219i creativi.<\/li>\n<li><strong>\u00cembun\u0103t\u0103\u021birea moralului<\/strong> \u2013 acest aspect se poate referi deopotriv\u0103 la starea de spirit a angaja\u021bilor, dar \u0219i la moralitatea culturii \u00een genere, la normele etice care guverneaz\u0103 comportamentele din cadrul organiza\u021biei. O cultur\u0103 centrat\u0103 pe angaja\u021bi ofer\u0103 un confort moral acestora, contribuind la cre\u0219terea satisfac\u021biei lor generale.<\/li>\n<\/ul>\n<h2><a href=\"https:\/\/co-factor.com\/ro\/internal-communication\/\"><strong><span class=\"cqiun4t2 khvhiq1o r5qsrrlp i5tg98hk iqx13udk przvwfww qiohso4h gfz4du6o r7fjleex nz2484kf svot0ezm dcnh1tix sxl192xd t3g6t33p\"><span class=\"\">\ud83d\udc49 <\/span><\/span>Construie\u0219te <\/strong><strong>o cultur\u0103 organiza\u021bional\u0103 centrat\u0103 pe angaja\u021bi cu<\/strong><strong> platforma Co-Factor<\/strong><\/a><\/h2>\n<p>Platforma Co-Factor a fost g\u00e2ndit\u0103 astfel \u00eenc\u00e2t s\u0103 faciliteze de la prima utilizare o cultur\u0103 organiza\u021bional\u0103 s\u0103n\u0103toas\u0103 \u0219i centrat\u0103 pe angaja\u021bi. Ea pune la dispozi\u021bia angajatorului un instrument intuitiv, cu ajutorul c\u0103ruia angajatul e sprijinit constant, chiar din prima zi de lucru a acestuia. Platforma are \u00eencorporate trei module, ce pot fi activate simultan sau separat, \u00een func\u021bie de nevoile companiei.<\/p>\n<p>Astfel, modulul <a href=\"https:\/\/co-factor.com\/ro\/internal-communication\/\">Comunicare Intern\u0103<\/a> faciliteaz\u0103 contactul permanent \u00eentre colegi, prin \u00eencurajarea unei comunic\u0103ri deschise, transparente \u0219i relevante pentru fiecare, prin promovarea unui dialog \u0219i de jos \u00een sus, nu doar de sus \u00een jos, prin \u00eencurajarea activit\u0103\u021bilor sau hobby-urilor comune \u0219i \u00een afara locului de munc\u0103. Acest lucru contribuie la crearea unui mediu pozitiv \u0219i transparent. Acela\u0219i modul are integrat\u0103 o \u00eentreaga zon\u0103 dedicat\u0103 aprecierii \u0219i recunoa\u0219terii publice a succeselor angaja\u021bilor, pe care o consider\u0103m extrem de important\u0103. Prin aceast\u0103 interfa\u021b\u0103 pot fi lansate scurte sondaje pentru a lua pulsul \u00eentregii organiza\u021bii, pentru a afla cum se simt, ce anume \u00eei motiveaz\u0103 \u0219i cum poate managementul s\u0103 \u00eei ajute s\u0103 creeze un echilibru \u00eentre via\u021ba personal\u0103 \u0219i cea profesional\u0103, spre exemplu.<\/p>\n<p>\u00cen plus, modulul <a href=\"https:\/\/co-factor.com\/ro\/employee-engagement\/\">Implicarea Angaja\u021bilor<\/a> permite lansarea unor ini\u021biative de engagement, care ac\u021bioneaz\u0103 ca un stimulator de cre\u0219tere a energiei \u0219i a gradului de implicare al \u00eentregului colectiv, iar modulul de <a href=\"https:\/\/co-factor.com\/ro\/performance-management\/\">Management al Performantei<\/a> completeaz\u0103 firesc sus\u021binerea angaja\u021bilor \u00een atingerea obiectivelor, pentru c\u0103 permite definirea planului de dezvoltare \u0219i eviden\u021bierea oportunit\u0103\u021bilor de promovare.[\/vc_column_text][\/vc_column][\/vc_row][vc_row][vc_column][\/vc_column][\/vc_row]<\/p>\n","protected":false},"excerpt":{"rendered":"<p>Ce \u00eenseamn\u0103 o cultur\u0103 centrat\u0103 pe angajat, cum se construie\u0219te \u0219i care sunt beneficiile sale reale \u0219i relevante&#8230;<\/p>\n","protected":false},"author":1,"featured_media":7017,"comment_status":"closed","ping_status":"open","sticky":false,"template":"","format":"standard","meta":{"inline_featured_image":false},"categories":[21,24,18],"tags":[19,121,17,120,16,123],"translation":{"provider":"WPGlobus","version":"2.8.10","language":"ro","enabled_languages":["en","ro"],"languages":{"en":{"title":true,"content":true,"excerpt":true},"ro":{"title":true,"content":true,"excerpt":true}}},"_links":{"self":[{"href":"https:\/\/co-factor.com\/ro\/wp-json\/wp\/v2\/posts\/6950"}],"collection":[{"href":"https:\/\/co-factor.com\/ro\/wp-json\/wp\/v2\/posts"}],"about":[{"href":"https:\/\/co-factor.com\/ro\/wp-json\/wp\/v2\/types\/post"}],"author":[{"embeddable":true,"href":"https:\/\/co-factor.com\/ro\/wp-json\/wp\/v2\/users\/1"}],"replies":[{"embeddable":true,"href":"https:\/\/co-factor.com\/ro\/wp-json\/wp\/v2\/comments?post=6950"}],"version-history":[{"count":12,"href":"https:\/\/co-factor.com\/ro\/wp-json\/wp\/v2\/posts\/6950\/revisions"}],"predecessor-version":[{"id":7126,"href":"https:\/\/co-factor.com\/ro\/wp-json\/wp\/v2\/posts\/6950\/revisions\/7126"}],"wp:featuredmedia":[{"embeddable":true,"href":"https:\/\/co-factor.com\/ro\/wp-json\/wp\/v2\/media\/7017"}],"wp:attachment":[{"href":"https:\/\/co-factor.com\/ro\/wp-json\/wp\/v2\/media?parent=6950"}],"wp:term":[{"taxonomy":"category","embeddable":true,"href":"https:\/\/co-factor.com\/ro\/wp-json\/wp\/v2\/categories?post=6950"},{"taxonomy":"post_tag","embeddable":true,"href":"https:\/\/co-factor.com\/ro\/wp-json\/wp\/v2\/tags?post=6950"}],"curies":[{"name":"wp","href":"https:\/\/api.w.org\/{rel}","templated":true}]}}