{"id":6535,"date":"2022-11-03T05:33:56","date_gmt":"2022-11-03T05:33:56","guid":{"rendered":"https:\/\/co-factor.com\/?p=6535"},"modified":"2024-08-07T06:44:23","modified_gmt":"2024-08-07T06:44:23","slug":"evaluarea-anuala-un-proces-vital-dincolo-de-cifre","status":"publish","type":"post","link":"https:\/\/co-factor.com\/ro\/evaluarea-anuala-un-proces-vital-dincolo-de-cifre\/","title":{"rendered":"Evaluarea anuala, dincolo de cifre"},"content":{"rendered":"<p>[vc_row][vc_column][vc_single_image image=&#8221;6583&#8243; img_size=&#8221;1024&#215;500&#8243; alignment=&#8221;center&#8221;][\/vc_column][\/vc_row][vc_row _et_uniqid=&#8221;et_custom_uniqid_new_637f16392dc6c&#8221;][vc_column _et_uniqid=&#8221;et_custom_uniqid_new_636b4ed9d2000&#8243;][vc_column_text]<\/p>\n<p class=\"\">Sfarsitul de an se apropie rapid si majoritatea companiilor se pregatesc deja pentru evaluarea anuala. E un moment de bilant, pregatit cu extrema atentie de HR si asteptat mai tot timpul cu emotii de angajati &#8211; atat in postura de evaluati, cat si de evaluatori, acestia din urma fiind si ei evaluati la randul lor, oricat de sus ar fi pozitionati in ierarhie. Daca adaugam in ecuatie si o schema de recompensare a angajatilor in functie de performanta, evenimentul capata cu adevarat greutate devenind un subiect central al momentului. Tocmai de aceea<span class=\"\">, evaluarea de final de an starneste invariabil dezbateri in organizatie si nu de putine ori chiar in randul expertilor de HR, fie pentru ca performanta nu se poate masura just doar o data pe an (sau de doua), fie pentru ca se matematizeaza excesiv aspecte care prin excelenta sunt subiective, fie pentru ca feedback-ul nu este, sau nu poate fi, pe deplin onest si obiectiv sau pentru ca sistemul de scoring este bunaoara artificial si limitativ. <\/span><span class=\"\">Fara doar si poate, procesul de evaluare nu este si nu va fi niciodata perfect si in mod unanim multumitor, pentru simplul fapt ca implica oameni la ambele capete. INSA, acesta\u00a0<\/span><span class=\"\">este cu siguranta o borna de referinta absolut necesara si relevanta pentru <em>business<\/em> si pentru oamenii care il genereaza.\u00a0<\/span><span class=\"\">De aceea, pentru cele mai multe companii, evaluarea anuala nu e doar un ritual corporatist implementat doar pentru ca e obligatoriu, ci un demers serios si strategic in dezvoltarea afacerii si a angajatilor.<\/span><\/p>\n<p class=\"\">Despre bunele practici si tehnicalitatile procesului de evaluare se poate vorbi foarte mult. In esenta insa, dupa cum regasim deseori in studiile <a href=\"https:\/\/www.mckinsey.com\/capabilities\/people-and-organizational-performance\/our-insights\/harnessing-the-power-of-performance-management\">McKinsey<\/a> si <a href=\"https:\/\/www.gallup.com\/workplace\/238064\/re-engineering-performance-management.aspx\">Gallup<\/a>, o nevoie fundamentala a angajatilor este aceea de a fi evaluati nu doar prin <em class=\"\">masurarea<\/em>\u00a0cantitativa a performantei lor, ci si prin evaluarea abilitatilor si comportamentelor care\u00a0<em class=\"\">motiveaza<\/em>\u00a0performanta si se reflecta in dezvoltarea competentelor actionabile. De aceea, o evaluare individuala bazata exclusiv pe indicatori de performanta <em>hard<\/em>, cantitativi, poate reprezenta o definitie profund trunchiata a succesului.<\/p>\n<p class=\"\"><strong class=\"\">Deci, ce ar trebui sa masuram dincolo de cifre?<\/strong><\/p>\n<p class=\"\">Daca nu este vorba doar despre \u201c<em>hard metrics<\/em>&#8222;, cum se cere sa arate o evaluare anuala? Ce e necesar sa se ia in considerare? Cand, cum si ce ar trebui sa masoare? Sunt intrebari firesti, pe care, cu siguranta, vi le-ati pus si la care poate ati si raspuns din perspectiva experientei practice.<\/p>\n<p class=\"\">Fiecare companie are, desigur, un sistem de masurare a performantei, cu seturi de <em>KPI<\/em> specifici si un proces care poate nu se limiteaza doar la evaluarea anuala, avand borne de parcurs bazate pe <em>OKR<\/em>-uri trimestriale sau\u00a0<em class=\"\">check-in<\/em>-uri lunare pe obiective, s.a.m.d. Toate aceste instrumente fac ca evaluarea anuala sa nu mai fie o surpriza pentru nimeni. Nicio organizatie care se respecta nu mai functioneaza si nu mai actioneaza fara un management al performantei calibrat pe specificul ei. Un proces vital, un pilon organizational central, un standard sigur bazat pe cifre si date. Se spune ca cifrele nu mint, ele reflecta performanta sau contraperformanta in mod obiectiv.<\/p>\n<p class=\"\"><b class=\"\">Dar nu trebuie sa uitam ca, de fapt,\u00a0<span class=\"\">evaluam oameni, talente actuale si potentiale, atitudini si aptitudini si<\/span> din ce in ce mai frecvent, competente, drept concept central<\/b>. Caci in spatele acelor cifre sunt resurse umane, dupa cum sunt ele si etichetate. Astfel, dimensiunea subiectiva, umana a procesului de evaluare anuala pare a fi cea mai mare provocare.<\/p>\n<p class=\"\"><strong class=\"\">Asadar, ce sunt competentele si cum le evaluam?<\/strong><\/p>\n<p class=\"\"><span class=\"\">Daca obiectivele cantitative<\/span>, exprimate in cifre, vorbesc clar, nu se tem de feedback si nu au emotii, competentele reprezinta jumatatea opusa, acea masura vie data de suma de cunostinte, atitudini, abilitati si comportamente care genereaza performanta.<\/p>\n<p class=\"\">Astfel, cand vorbim despre un model de competente, e recomandat ca acesta sa fie structurat in functie de rolurile de baza, managerial si executional. La nivel managerial, de exemplu, competentele de leadership sunt esentiale. Evaluarea unui manager trebuie sa aiba in vedere, printre altele, capacitatile lui de motivare si implicare a angajatilor, de asumare a rolului de mentor si de promotor al dezvoltarii echipei. Pe de alta parte, la nivel executional, angajatii sunt evaluati dupa competente operationale, urmarindu-se, totodata, competentele colaborative, responsivitatea sau solutionarea creativa a problemelor, spre exemplu.<\/p>\n<p class=\"\">Asadar, o buna evaluare ia in considerare o suma mare de variabile umane, subiective, dar care au impact direct asupra rezultatelor obiective si ajuta la identificarea oportunitatilor de crestere si a zonelor potentiale de imbunatatire. In final, ceea ce obtinem este o gestionare optima a talentelor, a resursei umane. De-abia atunci se poate spune ca \u201cpoza de performanta&#8221;, fie ca e trimestriala, semestriala sau anuala, este una credibila si relevanta pentru angajati si manageri.<\/p>\n<p class=\"\"><strong class=\"\">Ce solutii practice avem la indemana?<\/strong><\/p>\n<p class=\"\">O solutie larg raspandita in organizatiile de toate dimensiunile la nivel global si local,\u00a0<a class=\"\" href=\"https:\/\/co-factor.com\/ro\/360-evaluation\/\">Evaluarea 360<\/a>\u00a0de grade, poate fi considerata deja un standard in procesele de evaluare de competente. Aceste solutii numite si <em>Feedback 360<\/em>, sunt cu atat mai valoroase cand permit<span class=\"\">\u00a0adaptarea si customizarea in functie de modelul de competente specific organizatiei si cand sunt integrate organic in fluxul intern de evaluare astfel incat sa avem un proces complet si articulat de management al performantei.<\/span><\/p>\n<p class=\"\"><span class=\"\">Evaluarea 360 nu trebuie sa faca doar obiectul unui singur eveniment, cel de final de an. Aplicata de doua ori pe an, de exemplu, sau ad-hoc in anumite departamente sau echipe, cand contextul impune necesitatea unei radiografii a echipei si membrilor ei, acest instrument se poate dovedi extrem de valoros in luarea de decizii importante pentru sanatatea organizatiei si a culturii. In plus, prin urmarirea de la o perioada la alta a rezultatelor la nivel individual si de echipa, Evaluarea 360 devine cel mai important reper <\/span><span class=\"\">de invatare si dezvoltare profesional\u0103. Astfel, nevoile de imbunatatire vor furniza informatia necesara pentru programele de dezvoltare, facand din evaluarea de competente ghidajul eficient catre ceea ce avem de facut anul viitor.<\/span><\/p>\n<p class=\"\"><span class=\"\">Desigur, poate parea complicat sa iei in calcul atat de multe aspecte referitoare la performanta a sute sau chiar mii de angajati, sa le urmaresti pe fiecare in parte, sa le centralizezi si sa le analizezi, pentru a extrage un raport cuprizator la sfarsit de an. Dar, din fericire,<\/span><span class=\"\">\u00a0<\/span><strong class=\"\">toate acestea pot fi automatizate, digitalizate si facute accesibile tuturor angajatilor<\/strong><span class=\"\">, chiar daca a mai ramas doar putin timp pana la noul an!<\/span><\/p>\n<p class=\"\">Platforma digital\u0103 Co-Factor simplific\u0103 procesul de evaluare, f\u0103c\u00e2ndu-l mai u\u0219or pentru toate p\u0103r\u021bile implicate, la toate nivelurile organiza\u021biei \u0219i furniz\u00e2nd feedback <strong>continuu si \u00een timp real<\/strong>. Platforma se adapteaz\u0103 oricarui model de management al performan\u021bei al oric\u0103rei organiza\u021bii, indiferent dac\u0103 evaluarea este anual\u0103, semestrial\u0103, trimestrial\u0103 sau continu\u0103. Opera\u021bionalizarea procedurilor de evaluare (modulele Managementul Performantei sau Evaluarea 360 din platforma), permite activarea sesiunilor de feedback \u00een cadrul planurilor individuale de performan\u021b\u0103. Cu solutiile Co-Factor, gradul de implicare \u0219i performanta angaja\u021bilor devin repere ce pot fi masurate si urmarite in timp, pentru a sprijini dezvoltarea individuala \u0219i pentru a promova o cultura organiza\u021bional\u0103 sanatoas\u0103<span class=\"\">.<\/span><\/p>\n<p>[\/vc_column_text][\/vc_column][\/vc_row]<\/p>\n","protected":false},"excerpt":{"rendered":"<p>Evaluarea anuala este un moment de bilant, asteptat uneori cu teama, alteori cu nerabdare, dar&#8230;<\/p>\n","protected":false},"author":1,"featured_media":6583,"comment_status":"closed","ping_status":"open","sticky":false,"template":"","format":"standard","meta":{"inline_featured_image":false},"categories":[18,1],"tags":[74,16],"translation":{"provider":"WPGlobus","version":"2.8.10","language":"ro","enabled_languages":["en","ro"],"languages":{"en":{"title":true,"content":true,"excerpt":true},"ro":{"title":true,"content":true,"excerpt":true}}},"_links":{"self":[{"href":"https:\/\/co-factor.com\/ro\/wp-json\/wp\/v2\/posts\/6535"}],"collection":[{"href":"https:\/\/co-factor.com\/ro\/wp-json\/wp\/v2\/posts"}],"about":[{"href":"https:\/\/co-factor.com\/ro\/wp-json\/wp\/v2\/types\/post"}],"author":[{"embeddable":true,"href":"https:\/\/co-factor.com\/ro\/wp-json\/wp\/v2\/users\/1"}],"replies":[{"embeddable":true,"href":"https:\/\/co-factor.com\/ro\/wp-json\/wp\/v2\/comments?post=6535"}],"version-history":[{"count":13,"href":"https:\/\/co-factor.com\/ro\/wp-json\/wp\/v2\/posts\/6535\/revisions"}],"predecessor-version":[{"id":6598,"href":"https:\/\/co-factor.com\/ro\/wp-json\/wp\/v2\/posts\/6535\/revisions\/6598"}],"wp:featuredmedia":[{"embeddable":true,"href":"https:\/\/co-factor.com\/ro\/wp-json\/wp\/v2\/media\/6583"}],"wp:attachment":[{"href":"https:\/\/co-factor.com\/ro\/wp-json\/wp\/v2\/media?parent=6535"}],"wp:term":[{"taxonomy":"category","embeddable":true,"href":"https:\/\/co-factor.com\/ro\/wp-json\/wp\/v2\/categories?post=6535"},{"taxonomy":"post_tag","embeddable":true,"href":"https:\/\/co-factor.com\/ro\/wp-json\/wp\/v2\/tags?post=6535"}],"curies":[{"name":"wp","href":"https:\/\/api.w.org\/{rel}","templated":true}]}}